{"id":8550,"date":"2020-01-05T17:52:20","date_gmt":"2020-01-05T16:52:20","guid":{"rendered":"http:\/\/lescheminsdemusarde.fr\/?p=8550"},"modified":"2020-01-05T18:01:50","modified_gmt":"2020-01-05T17:01:50","slug":"montpercher-2020","status":"publish","type":"post","link":"https:\/\/lescheminsdemusarde.fr\/?p=8550","title":{"rendered":"Montpercher 2020"},"content":{"rendered":"\n<p><strong>En ce premier dimanche de janvier 2020, le 5, nous avons partag\u00e9, entre Loir-et-Ch\u00e9riens, notre randonn\u00e9e p\u00e9destre d&rsquo;ouverture de l&rsquo;ann\u00e9e \u00ab\u00a0sportive\u00a0\u00bb. Il y avait l\u00e0 Alain, Luc et Marie-Claude, Jean-Fran\u00e7ois et Nicole, Jean-Pierre. La m\u00e9t\u00e9o \u00e9tait favorable entre nuages et douceur.<\/strong><\/p>\n\n\n\n<p><strong>Nous avions rendez-vous pour notre randonn\u00e9e \u00e0 Thoury, en Loir-et-Cher, et avons gagn\u00e9 d&rsquo;un pas l\u00e9ger l&rsquo;\u00e9tang de Montpercher, lieu revendiqu\u00e9 de nos agapes annuelles apr\u00e8s quelques kilom\u00e8tres d&rsquo;\u00e9chauffement.<\/strong><\/p>\n\n\n\n<p><strong>Pour cette ann\u00e9e, apr\u00e8s un tour de passe-passe entre mari et \u00e9pouse, c&rsquo;est Luc qui s&rsquo;est trouv\u00e9 propuls\u00e9 sur le tr\u00f4ne royal au grand plaisir de ses copains de rando.<\/strong> <strong>A lui de porter pour une ann\u00e9e enti\u00e8re le titre prestigieux et revendiqu\u00e9 de Roi de Montpercher.<\/strong><\/p>\n\n\n\n<p><strong>Apr\u00e8s avoir partag\u00e9 de bonnes choses, solides et liquides, nous avons repris le chemin du retour \u00e0 Thoury non sans avoir suivi \u00ab\u00a0un itin\u00e9raire plus court\u00a0\u00bb sp\u00e9cialit\u00e9 de Luc<\/strong>&#8230; <strong>11,500 km au compteur.<\/strong><\/p>\n\n\n\n<p><strong>Une belle matin\u00e9e de plaisir pour \u00ab\u00a0ouvrir\u00a0\u00bb cette ann\u00e9e randonneuse !<\/strong> <strong>Merci les copains !<\/strong><\/p>\n\n\n\n<p style=\"color:#ee2106\" class=\"has-text-color has-medium-font-size\"><strong><a href=\"https:\/\/lescheminsdemusarde.fr\/?p=8548#more-8548\">LES PHOTOS SONT ICI &#8230;<\/a><\/strong><\/p>\n","protected":false},"excerpt":{"rendered":"<p>En ce premier dimanche de janvier 2020, le 5, nous avons partag\u00e9, entre Loir-et-Ch\u00e9riens, notre randonn\u00e9e p\u00e9destre d&rsquo;ouverture de l&rsquo;ann\u00e9e \u00ab\u00a0sportive\u00a0\u00bb. Il y avait l\u00e0 Alain, Luc et Marie-Claude, Jean-Fran\u00e7ois et Nicole, Jean-Pierre. La m\u00e9t\u00e9o \u00e9tait favorable entre nuages et &hellip; <a href=\"https:\/\/lescheminsdemusarde.fr\/?p=8550\">Continuer la lecture <span class=\"meta-nav\">&rarr;<\/span><\/a><\/p>\n","protected":false},"author":1,"featured_media":0,"comment_status":"closed","ping_status":"closed","sticky":false,"template":"","format":"standard","meta":{"_exactmetrics_skip_tracking":false,"_exactmetrics_sitenote_active":false,"_exactmetrics_sitenote_note":"","_exactmetrics_sitenote_category":0,"footnotes":""},"categories":[4,2],"tags":[],"class_list":["post-8550","post","type-post","status-publish","format-standard","hentry","category-pedestre","category-randonnees-voyages"],"_links":{"self":[{"href":"https:\/\/lescheminsdemusarde.fr\/index.php?rest_route=\/wp\/v2\/posts\/8550","targetHints":{"allow":["GET"]}}],"collection":[{"href":"https:\/\/lescheminsdemusarde.fr\/index.php?rest_route=\/wp\/v2\/posts"}],"about":[{"href":"https:\/\/lescheminsdemusarde.fr\/index.php?rest_route=\/wp\/v2\/types\/post"}],"author":[{"embeddable":true,"href":"https:\/\/lescheminsdemusarde.fr\/index.php?rest_route=\/wp\/v2\/users\/1"}],"replies":[{"embeddable":true,"href":"https:\/\/lescheminsdemusarde.fr\/index.php?rest_route=%2Fwp%2Fv2%2Fcomments&post=8550"}],"version-history":[{"count":3,"href":"https:\/\/lescheminsdemusarde.fr\/index.php?rest_route=\/wp\/v2\/posts\/8550\/revisions"}],"predecessor-version":[{"id":8558,"href":"https:\/\/lescheminsdemusarde.fr\/index.php?rest_route=\/wp\/v2\/posts\/8550\/revisions\/8558"}],"wp:attachment":[{"href":"https:\/\/lescheminsdemusarde.fr\/index.php?rest_route=%2Fwp%2Fv2%2Fmedia&parent=8550"}],"wp:term":[{"taxonomy":"category","embeddable":true,"href":"https:\/\/lescheminsdemusarde.fr\/index.php?rest_route=%2Fwp%2Fv2%2Fcategories&post=8550"},{"taxonomy":"post_tag","embeddable":true,"href":"https:\/\/lescheminsdemusarde.fr\/index.php?rest_route=%2Fwp%2Fv2%2Ftags&post=8550"}],"curies":[{"name":"wp","href":"https:\/\/api.w.org\/{rel}","templated":true}]}}