{"id":8753,"date":"2020-02-24T15:29:58","date_gmt":"2020-02-24T14:29:58","guid":{"rendered":"http:\/\/lescheminsdemusarde.fr\/?p=8753"},"modified":"2020-05-12T06:18:51","modified_gmt":"2020-05-12T05:18:51","slug":"toulx-ste-croix-23-en-randonnee-pedestre","status":"publish","type":"post","link":"https:\/\/lescheminsdemusarde.fr\/?p=8753","title":{"rendered":"A l&rsquo;assaut de Toulx-Ste-Croix (23) en randonn\u00e9e p\u00e9destre"},"content":{"rendered":"\n<p><strong>Il est 2 heures du matin, le r\u00e9veil sonne&#8230; cerveau embrum\u00e9 ! Je me rends \u00e0 la randonn\u00e9e p\u00e9destre Ch\u00e2teaumeillant (Cher) &#8211; Toulx-Ste-Croix (Creuse) avec mon club de rando Blois B\u00e9gon Randonn\u00e9e-BBR, d\u00e9part de Blois \u00e0 4 heures. La journ\u00e9e va \u00eatre dure mais l&rsquo;enthousiasme devrait l&#8217;emporter ! <\/strong><\/p>\n\n\n\n<!--more-->\n\n\n\n<p><strong>Plus de 900 randonneurs p\u00e9destres sont attendus et nous du club de Blois B\u00e9gon Randonn\u00e9e sommes 27 \u00e0 participer : 11 partiront de Ch\u00e2teaumeillant (Cher) pour un 45 km d&rsquo;enfer, le reste de la troupe sera au d\u00e9part de St Marien (Creuse) pour 23 km de plaisir.  L&rsquo;amie Genevi\u00e8ve de Ch\u00e2teauroux partagera avec nous le chemin et la journ\u00e9e au d\u00e9part de St Marien (Creuse).<\/strong><\/p>\n\n\n\n<figure class=\"wp-block-image size-full\"><img loading=\"lazy\" decoding=\"async\" width=\"800\" height=\"533\" src=\"https:\/\/lescheminsdemusarde.fr\/wp-content\/uploads\/2020\/02\/00014.jpg\" alt=\"\" class=\"wp-image-8751\" srcset=\"https:\/\/lescheminsdemusarde.fr\/wp-content\/uploads\/2020\/02\/00014.jpg 800w, https:\/\/lescheminsdemusarde.fr\/wp-content\/uploads\/2020\/02\/00014-300x200.jpg 300w, https:\/\/lescheminsdemusarde.fr\/wp-content\/uploads\/2020\/02\/00014-768x512.jpg 768w, https:\/\/lescheminsdemusarde.fr\/wp-content\/uploads\/2020\/02\/00014-624x416.jpg 624w\" sizes=\"auto, (max-width: 800px) 100vw, 800px\" \/><figcaption> <strong>Village construit sur un \u00e9peron granitique volcanique<\/strong> <\/figcaption><\/figure>\n\n\n\n<p><strong>Un beau soleil brille en ce dimanche 23 f\u00e9vrier 2020 pour nous accompagner jusqu&rsquo;\u00e0   Toulx-Ste-Croix  (Creuse) but final. La m\u00e9t\u00e9o est fra\u00eeche mais va vite se r\u00e9chauffer.<\/strong><\/p>\n\n\n\n<p><strong>C&rsquo;est une tr\u00e8s belle randonn\u00e9e avec pr\u00e8s de 1000 m de d\u00e9nivel\u00e9 pour le grand parcours, 400 m\u00e8tres pour nous au d\u00e9part de St Marien (Creuse) ce qui est d\u00e9j\u00e0 bien suffisant. La participation annonc\u00e9e est de 906 participants&#8230; Tous heureux de cette agr\u00e9able journ\u00e9e aux parcours et ravitaillements de qualit\u00e9.<\/strong> <strong>Une belle organisation !<\/strong><\/p>\n\n\n\n<p><strong>J&rsquo;\u00e9tais accompagn\u00e9 de Genevi\u00e8ve et Lisa deux randonneuses d&rsquo;exp\u00e9rience.<\/strong> <strong>Personnellement je reviendrai une autre ann\u00e9e&#8230;<\/strong><\/p>\n\n\n\n<p><strong>Grand MERCI pour cette  magnifique journ\u00e9e. <\/strong><\/p>\n\n\n\n<p><strong>Je r\u00eave aussi d&rsquo;un retour \u00e0 Toulx-Ste-Croix pour une randonn\u00e9e \u00e0 bicyclette&#8230;<\/strong><\/p>\n\n\n\n<p><strong>Apr\u00e8s cette belle journ\u00e9e, ma motivation pour la pratique de la randonn\u00e9e p\u00e9destre s&rsquo;en trouve renforc\u00e9e !<\/strong> <strong>Quel plaisir !<\/strong><\/p>\n\n\n\n<p style=\"color:#e02007\" class=\"has-text-color has-medium-font-size\"><strong><a href=\"https:\/\/lescheminsdemusarde.fr\/?cat=6\">LES PHOTOS SONT ICI &#8230;<\/a><\/strong><\/p>\n","protected":false},"excerpt":{"rendered":"<p>Il est 2 heures du matin, le r\u00e9veil sonne&#8230; cerveau embrum\u00e9 ! Je me rends \u00e0 la randonn\u00e9e p\u00e9destre Ch\u00e2teaumeillant (Cher) &#8211; Toulx-Ste-Croix (Creuse) avec mon club de rando Blois B\u00e9gon Randonn\u00e9e-BBR, d\u00e9part de Blois \u00e0 4 heures. La journ\u00e9e &hellip; <a href=\"https:\/\/lescheminsdemusarde.fr\/?p=8753\">Continuer la lecture <span class=\"meta-nav\">&rarr;<\/span><\/a><\/p>\n","protected":false},"author":1,"featured_media":0,"comment_status":"closed","ping_status":"closed","sticky":false,"template":"","format":"standard","meta":{"_exactmetrics_skip_tracking":false,"_exactmetrics_sitenote_active":false,"_exactmetrics_sitenote_note":"","_exactmetrics_sitenote_category":0,"footnotes":""},"categories":[4,2],"tags":[],"class_list":["post-8753","post","type-post","status-publish","format-standard","hentry","category-pedestre","category-randonnees-voyages"],"_links":{"self":[{"href":"https:\/\/lescheminsdemusarde.fr\/index.php?rest_route=\/wp\/v2\/posts\/8753","targetHints":{"allow":["GET"]}}],"collection":[{"href":"https:\/\/lescheminsdemusarde.fr\/index.php?rest_route=\/wp\/v2\/posts"}],"about":[{"href":"https:\/\/lescheminsdemusarde.fr\/index.php?rest_route=\/wp\/v2\/types\/post"}],"author":[{"embeddable":true,"href":"https:\/\/lescheminsdemusarde.fr\/index.php?rest_route=\/wp\/v2\/users\/1"}],"replies":[{"embeddable":true,"href":"https:\/\/lescheminsdemusarde.fr\/index.php?rest_route=%2Fwp%2Fv2%2Fcomments&post=8753"}],"version-history":[{"count":19,"href":"https:\/\/lescheminsdemusarde.fr\/index.php?rest_route=\/wp\/v2\/posts\/8753\/revisions"}],"predecessor-version":[{"id":8984,"href":"https:\/\/lescheminsdemusarde.fr\/index.php?rest_route=\/wp\/v2\/posts\/8753\/revisions\/8984"}],"wp:attachment":[{"href":"https:\/\/lescheminsdemusarde.fr\/index.php?rest_route=%2Fwp%2Fv2%2Fmedia&parent=8753"}],"wp:term":[{"taxonomy":"category","embeddable":true,"href":"https:\/\/lescheminsdemusarde.fr\/index.php?rest_route=%2Fwp%2Fv2%2Fcategories&post=8753"},{"taxonomy":"post_tag","embeddable":true,"href":"https:\/\/lescheminsdemusarde.fr\/index.php?rest_route=%2Fwp%2Fv2%2Ftags&post=8753"}],"curies":[{"name":"wp","href":"https:\/\/api.w.org\/{rel}","templated":true}]}}