{"id":8990,"date":"2020-05-15T16:34:38","date_gmt":"2020-05-15T15:34:38","guid":{"rendered":"http:\/\/lescheminsdemusarde.fr\/?p=8990"},"modified":"2020-05-17T05:58:29","modified_gmt":"2020-05-17T04:58:29","slug":"une-sortie-vtt-de-deconfinement","status":"publish","type":"post","link":"https:\/\/lescheminsdemusarde.fr\/?p=8990","title":{"rendered":"Une sortie VTT de d\u00e9confinement, mon cheminement"},"content":{"rendered":"\n<p><strong>Hier, jeudi 14 mai 2020, grand soleil mais aussi grand vent. Donc, je fais le choix d&rsquo;aller cycler en Sologne cach\u00e9 dans les bois.<\/strong><\/p>\n\n\n\n<p><strong>Apr\u00e8s avoir aper\u00e7u Gaspard broutant consciencieusement en sa propri\u00e9t\u00e9, je franchis la Loire \u00e0 Muides. Le vent est d&rsquo;une force extr\u00eame : plus de 50 km\/h sans aucun doute ! <\/strong><\/p>\n\n\n\n<!--more-->\n\n\n\n<p class=\"has-text-align-left\"><img loading=\"lazy\" decoding=\"async\" width=\"500\" height=\"375\" class=\"wp-image-9002\" style=\"width: 500px;\" src=\"https:\/\/lescheminsdemusarde.fr\/wp-content\/uploads\/2020\/05\/0003.jpg\" alt=\"\" srcset=\"https:\/\/lescheminsdemusarde.fr\/wp-content\/uploads\/2020\/05\/0003.jpg 800w, https:\/\/lescheminsdemusarde.fr\/wp-content\/uploads\/2020\/05\/0003-300x225.jpg 300w, https:\/\/lescheminsdemusarde.fr\/wp-content\/uploads\/2020\/05\/0003-768x576.jpg 768w, https:\/\/lescheminsdemusarde.fr\/wp-content\/uploads\/2020\/05\/0003-624x468.jpg 624w\" sizes=\"auto, (max-width: 500px) 100vw, 500px\" \/><\/p>\n\n\n\n<p class=\"has-text-align-left\"><strong>Je remonte sur Nouan-sur-Loire et son moulin cavier pour gagner les sous-bois. Par de petits chemins de terre, je me dirige vers Crouy-sur-Cosson, le camping est ferm\u00e9, c&rsquo;est d&rsquo;une grande tristesse !<\/strong><\/p>\n\n\n\n<p><strong>Voila un obstacle d\u00fb \u00e0 la temp\u00eate, un arbre a \u00e9t\u00e9 abattu par le vent et barre mon chemin. Je contourne l&rsquo;obstacle et fais une photo.<\/strong><\/p>\n\n\n\n<p><strong>Je passe par les Coudrays et les souvenirs de mes enfants apprenant \u00e0 faire de la bicyclette sur la petite route sans danger me reviennent en m\u00e9moire &#8230; sourire !<\/strong><\/p>\n\n\n\n<p><img loading=\"lazy\" decoding=\"async\" width=\"500\" height=\"375\" class=\"wp-image-9008\" style=\"width: 500px;\" src=\"https:\/\/lescheminsdemusarde.fr\/wp-content\/uploads\/2020\/05\/0009.jpg\" alt=\"\" srcset=\"https:\/\/lescheminsdemusarde.fr\/wp-content\/uploads\/2020\/05\/0009.jpg 1024w, https:\/\/lescheminsdemusarde.fr\/wp-content\/uploads\/2020\/05\/0009-300x225.jpg 300w, https:\/\/lescheminsdemusarde.fr\/wp-content\/uploads\/2020\/05\/0009-768x576.jpg 768w, https:\/\/lescheminsdemusarde.fr\/wp-content\/uploads\/2020\/05\/0009-624x468.jpg 624w\" sizes=\"auto, (max-width: 500px) 100vw, 500px\" \/><\/p>\n\n\n\n<p><strong>J&rsquo;approche de l&rsquo;\u00e9tang de Montpercher, mon lieu pr\u00e9f\u00e9r\u00e9 \u00e0 proximit\u00e9 de Chambord. La hauteur d&rsquo;eau de l&rsquo;\u00e9tang est au maximum, il y a longtemps que je ne l&rsquo;avais vu si plein !.<\/strong><\/p>\n\n\n\n<p><strong>Je croise ou double nombre de promeneurs, \u00e0 pied, \u00e0 bicyclette, \u00e0 VTT. Le temps de quelques photos \u00e0 l&rsquo;\u00e9tang, je repars pour reprendre le chemin du retour. Par moment, \u00e0 l&rsquo;occasion d&rsquo;une trou\u00e9e dans les arbres, je ressens le vent, toujours aussi violent !<\/strong><\/p>\n\n\n\n<p><strong>Voila deux v\u00e9t\u00e9tistes que je connais bien : Hugues et Andr\u00e9, nous nous arr\u00eatons et pendant presque trente minutes, nous passons tous les sujets en revue &#8230;<\/strong><\/p>\n\n\n\n<p><img loading=\"lazy\" decoding=\"async\" width=\"500\" height=\"375\" class=\"wp-image-8996\" style=\"width: 500px;\" src=\"https:\/\/lescheminsdemusarde.fr\/wp-content\/uploads\/2020\/05\/00014.jpg\" alt=\"\" srcset=\"https:\/\/lescheminsdemusarde.fr\/wp-content\/uploads\/2020\/05\/00014.jpg 1024w, https:\/\/lescheminsdemusarde.fr\/wp-content\/uploads\/2020\/05\/00014-300x225.jpg 300w, https:\/\/lescheminsdemusarde.fr\/wp-content\/uploads\/2020\/05\/00014-768x576.jpg 768w, https:\/\/lescheminsdemusarde.fr\/wp-content\/uploads\/2020\/05\/00014-624x468.jpg 624w\" sizes=\"auto, (max-width: 500px) 100vw, 500px\" \/><\/p>\n\n\n\n<p><strong>J&rsquo;approche de Chambord au ch\u00e2teau toujours ferm\u00e9. Une chance l\u2019acc\u00e8s au parc du Domaine est permis. Voici l&rsquo;\u00e9tang de la Faisanderie et ses iris d&rsquo;eau sauvages. Je remonte vers la porte de St Dy\u00e9 et rejoint St-Dy\u00e9-sur-Loire. Les bateaux de l&rsquo;association des Marins du Port de Chambord attendent sagement \u00e0 contre-courant des jours meilleurs et l&rsquo;autorisation pr\u00e9fectorale de pouvoir, \u00e0 nouveau, naviguer &#8230;<\/strong><\/p>\n\n\n\n<p><strong>Je rejoins Mer (41), le vent est toujours aussi fort ! Content de moi ! Pr\u00eat \u00e0 renouveler l&rsquo;exp\u00e9rience &#8230; !<\/strong><\/p>\n\n\n\n<p style=\"color:#e13607\" class=\"has-text-color\"><strong><a href=\"https:\/\/lescheminsdemusarde.fr\/?p=9012#more-9012\">LES PHOTOS DE MON CHEMINEMENT SONT ICI &#8230;<\/a><\/strong><\/p>\n\n\n\n<p><\/p>\n","protected":false},"excerpt":{"rendered":"<p>Hier, jeudi 14 mai 2020, grand soleil mais aussi grand vent. Donc, je fais le choix d&rsquo;aller cycler en Sologne cach\u00e9 dans les bois. Apr\u00e8s avoir aper\u00e7u Gaspard broutant consciencieusement en sa propri\u00e9t\u00e9, je franchis la Loire \u00e0 Muides. Le &hellip; <a href=\"https:\/\/lescheminsdemusarde.fr\/?p=8990\">Continuer la lecture <span class=\"meta-nav\">&rarr;<\/span><\/a><\/p>\n","protected":false},"author":1,"featured_media":0,"comment_status":"closed","ping_status":"closed","sticky":false,"template":"","format":"standard","meta":{"_exactmetrics_skip_tracking":false,"_exactmetrics_sitenote_active":false,"_exactmetrics_sitenote_note":"","_exactmetrics_sitenote_category":0,"footnotes":""},"categories":[3,2],"tags":[],"class_list":["post-8990","post","type-post","status-publish","format-standard","hentry","category-bicyclette","category-randonnees-voyages"],"_links":{"self":[{"href":"https:\/\/lescheminsdemusarde.fr\/index.php?rest_route=\/wp\/v2\/posts\/8990","targetHints":{"allow":["GET"]}}],"collection":[{"href":"https:\/\/lescheminsdemusarde.fr\/index.php?rest_route=\/wp\/v2\/posts"}],"about":[{"href":"https:\/\/lescheminsdemusarde.fr\/index.php?rest_route=\/wp\/v2\/types\/post"}],"author":[{"embeddable":true,"href":"https:\/\/lescheminsdemusarde.fr\/index.php?rest_route=\/wp\/v2\/users\/1"}],"replies":[{"embeddable":true,"href":"https:\/\/lescheminsdemusarde.fr\/index.php?rest_route=%2Fwp%2Fv2%2Fcomments&post=8990"}],"version-history":[{"count":11,"href":"https:\/\/lescheminsdemusarde.fr\/index.php?rest_route=\/wp\/v2\/posts\/8990\/revisions"}],"predecessor-version":[{"id":9024,"href":"https:\/\/lescheminsdemusarde.fr\/index.php?rest_route=\/wp\/v2\/posts\/8990\/revisions\/9024"}],"wp:attachment":[{"href":"https:\/\/lescheminsdemusarde.fr\/index.php?rest_route=%2Fwp%2Fv2%2Fmedia&parent=8990"}],"wp:term":[{"taxonomy":"category","embeddable":true,"href":"https:\/\/lescheminsdemusarde.fr\/index.php?rest_route=%2Fwp%2Fv2%2Fcategories&post=8990"},{"taxonomy":"post_tag","embeddable":true,"href":"https:\/\/lescheminsdemusarde.fr\/index.php?rest_route=%2Fwp%2Fv2%2Ftags&post=8990"}],"curies":[{"name":"wp","href":"https:\/\/api.w.org\/{rel}","templated":true}]}}