{"id":9224,"date":"2020-07-02T15:50:34","date_gmt":"2020-07-02T14:50:34","guid":{"rendered":"http:\/\/lescheminsdemusarde.fr\/?p=9224"},"modified":"2020-07-02T15:51:08","modified_gmt":"2020-07-02T14:51:08","slug":"la-pratique-cyclable-sinstalle","status":"publish","type":"post","link":"https:\/\/lescheminsdemusarde.fr\/?p=9224","title":{"rendered":"La pratique cyclable s\u2019installe !"},"content":{"rendered":"\n<p><strong>Selon les derniers chiffres de <a href=\"https:\/\/twitter.com\/VeloTerritoires\">@VeloTerritoires<\/a> du 11 mai au 28 juin l&rsquo;usage du <a href=\"https:\/\/twitter.com\/hashtag\/v\u00e9lo?src=hashtag_click\">#v\u00e9lo<\/a> a augment\u00e9 par rapport \u00e0 la m\u00eame p\u00e9riode en 2019 :<\/strong><\/p>\n\n\n\n<p><strong>+ 33 % en urbain<\/strong><\/p>\n\n\n\n<p><strong>+ 20 % en p\u00e9riurbain<\/strong><\/p>\n\n\n\n<p><strong>+ 17 % en rural<\/strong><\/p>\n\n\n\n<p><\/p>\n","protected":false},"excerpt":{"rendered":"<p>Selon les derniers chiffres de @VeloTerritoires du 11 mai au 28 juin l&rsquo;usage du #v\u00e9lo a augment\u00e9 par rapport \u00e0 la m\u00eame p\u00e9riode en 2019 : + 33 % en urbain + 20 % en p\u00e9riurbain + 17 % en &hellip; <a href=\"https:\/\/lescheminsdemusarde.fr\/?p=9224\">Continuer la lecture <span class=\"meta-nav\">&rarr;<\/span><\/a><\/p>\n","protected":false},"author":1,"featured_media":0,"comment_status":"closed","ping_status":"closed","sticky":false,"template":"","format":"standard","meta":{"_exactmetrics_skip_tracking":false,"_exactmetrics_sitenote_active":false,"_exactmetrics_sitenote_note":"","_exactmetrics_sitenote_category":0,"footnotes":""},"categories":[1],"tags":[],"class_list":["post-9224","post","type-post","status-publish","format-standard","hentry","category-divers"],"_links":{"self":[{"href":"https:\/\/lescheminsdemusarde.fr\/index.php?rest_route=\/wp\/v2\/posts\/9224","targetHints":{"allow":["GET"]}}],"collection":[{"href":"https:\/\/lescheminsdemusarde.fr\/index.php?rest_route=\/wp\/v2\/posts"}],"about":[{"href":"https:\/\/lescheminsdemusarde.fr\/index.php?rest_route=\/wp\/v2\/types\/post"}],"author":[{"embeddable":true,"href":"https:\/\/lescheminsdemusarde.fr\/index.php?rest_route=\/wp\/v2\/users\/1"}],"replies":[{"embeddable":true,"href":"https:\/\/lescheminsdemusarde.fr\/index.php?rest_route=%2Fwp%2Fv2%2Fcomments&post=9224"}],"version-history":[{"count":1,"href":"https:\/\/lescheminsdemusarde.fr\/index.php?rest_route=\/wp\/v2\/posts\/9224\/revisions"}],"predecessor-version":[{"id":9225,"href":"https:\/\/lescheminsdemusarde.fr\/index.php?rest_route=\/wp\/v2\/posts\/9224\/revisions\/9225"}],"wp:attachment":[{"href":"https:\/\/lescheminsdemusarde.fr\/index.php?rest_route=%2Fwp%2Fv2%2Fmedia&parent=9224"}],"wp:term":[{"taxonomy":"category","embeddable":true,"href":"https:\/\/lescheminsdemusarde.fr\/index.php?rest_route=%2Fwp%2Fv2%2Fcategories&post=9224"},{"taxonomy":"post_tag","embeddable":true,"href":"https:\/\/lescheminsdemusarde.fr\/index.php?rest_route=%2Fwp%2Fv2%2Ftags&post=9224"}],"curies":[{"name":"wp","href":"https:\/\/api.w.org\/{rel}","templated":true}]}}