{"id":9495,"date":"2020-09-05T17:54:05","date_gmt":"2020-09-05T16:54:05","guid":{"rendered":"http:\/\/lescheminsdemusarde.fr\/?p=9495"},"modified":"2020-11-06T06:54:32","modified_gmt":"2020-11-06T05:54:32","slug":"lamicale-larzac-aventure-en-val-de-loire","status":"publish","type":"post","link":"https:\/\/lescheminsdemusarde.fr\/?p=9495","title":{"rendered":"Les Amis de l&rsquo;Amicale Larzac Aventure en Val de Loire"},"content":{"rendered":"\n<p><strong>Il y avait plusieurs mois que l&rsquo;ami Guy C. Pr\u00e9sident de l&rsquo;Amicale Larzac Aventure, bas\u00e9e au Caylar (34), peaufinait la venue de son amicale en Val de Loire. Nouan-sur-Loire (41) son accueillant camping de l&rsquo;Amiti\u00e9 avait \u00e9t\u00e9 choisi comme base d&rsquo;h\u00e9bergement. Votre serviteur Pedibuscyclus avait aid\u00e9 \u00e0 trouver la petite route, le chemin blanc, afin d&rsquo;agr\u00e9menter les circuits et surprendre les participants.<\/strong><\/p>\n\n\n\n<!--more-->\n\n\n\n<p><strong>La semaine du 30 ao\u00fbt au 4 septembre a \u00e9t\u00e9 tr\u00e8s agr\u00e9able. Gr\u00e2ce aux amis de l&rsquo;Amicale Larzac Aventure j&rsquo;ai retrouv\u00e9 l&rsquo;envie !<\/strong> <strong>MERCI !<\/strong><\/p>\n\n\n\n<p><strong>La m\u00e9t\u00e9o du dimanche 30 ao\u00fbt nous a bien arros\u00e9s et les chemins blancs de La Loire \u00e0 V\u00e9lo ont crott\u00e9 les bicyclettes n\u00e9cessitant un long nettoyage. Les autres jours de la semaine ont \u00e9t\u00e9 lumineux et parfois chauds en apr\u00e8s-midi succ\u00e9dant \u00e0 la fra\u00eecheur matinale.<\/strong><\/p>\n\n\n\n<figure class=\"wp-block-image size-large\"><img loading=\"lazy\" decoding=\"async\" width=\"1024\" height=\"768\" src=\"https:\/\/lescheminsdemusarde.fr\/wp-content\/uploads\/2020\/09\/002D.jpg\" alt=\"\" class=\"wp-image-9506\" srcset=\"https:\/\/lescheminsdemusarde.fr\/wp-content\/uploads\/2020\/09\/002D.jpg 1024w, https:\/\/lescheminsdemusarde.fr\/wp-content\/uploads\/2020\/09\/002D-300x225.jpg 300w, https:\/\/lescheminsdemusarde.fr\/wp-content\/uploads\/2020\/09\/002D-768x576.jpg 768w, https:\/\/lescheminsdemusarde.fr\/wp-content\/uploads\/2020\/09\/002D-624x468.jpg 624w\" sizes=\"auto, (max-width: 1024px) 100vw, 1024px\" \/><\/figure>\n\n\n\n<p><strong>La d\u00e9couverte du Val de Loire des ch\u00e2teaux nous a conduits de Beaugency \u00e0 Cl\u00e9ry-St-Andr\u00e9 sur le tombeau de Louis XI en passant par Meung-sur-Loire, du joli ch\u00e2teau de Talcy et de \u00ab\u00a0Mignonne allons voir si la rose&#8230; \u00a0\u00bb \u00e0 l&rsquo;abbaye de C\u00eeteaux et la for\u00eat de Marchenoir, Chambord grandiose dans son \u00e9crin de verdure, la Sologne \u00ab\u00a0riche\u00a0\u00bb et ses \u00e9glises \u00e0 caquetoires, Blois ville pittoresque des bords de Loire et Cheverny \u00ab\u00a0le ch\u00e2teau de Moulinsard et de Tintin\u00a0\u00bb.<\/strong> <strong>Du vrai tourisme \u00e0 la d\u00e9couverte du Val de Loire Blaisois !<\/strong><\/p>\n\n\n\n<p><strong>Une semaine remplie de d\u00e9couvertes pour nos amis du Sud. Je souhaite vivement qu&rsquo;ils en soient repartis tous enchant\u00e9s !<\/strong><\/p>\n\n\n\n<p><strong>A vous revoir les amis avec grand plaisir !<\/strong><\/p>\n\n\n\n<p class=\"has-text-color has-medium-font-size\" style=\"color:#d82003\"><strong><a href=\"https:\/\/lescheminsdemusarde.fr\/?p=9528#more-9528\">LES PHOTOS SONT ICI &#8230;<\/a><\/strong><\/p>\n\n\n\n<p><\/p>\n","protected":false},"excerpt":{"rendered":"<p>Il y avait plusieurs mois que l&rsquo;ami Guy C. Pr\u00e9sident de l&rsquo;Amicale Larzac Aventure, bas\u00e9e au Caylar (34), peaufinait la venue de son amicale en Val de Loire. Nouan-sur-Loire (41) son accueillant camping de l&rsquo;Amiti\u00e9 avait \u00e9t\u00e9 choisi comme base &hellip; <a href=\"https:\/\/lescheminsdemusarde.fr\/?p=9495\">Continuer la lecture <span class=\"meta-nav\">&rarr;<\/span><\/a><\/p>\n","protected":false},"author":1,"featured_media":0,"comment_status":"closed","ping_status":"closed","sticky":false,"template":"","format":"standard","meta":{"_exactmetrics_skip_tracking":false,"_exactmetrics_sitenote_active":false,"_exactmetrics_sitenote_note":"","_exactmetrics_sitenote_category":0,"footnotes":""},"categories":[3,2],"tags":[],"class_list":["post-9495","post","type-post","status-publish","format-standard","hentry","category-bicyclette","category-randonnees-voyages"],"_links":{"self":[{"href":"https:\/\/lescheminsdemusarde.fr\/index.php?rest_route=\/wp\/v2\/posts\/9495","targetHints":{"allow":["GET"]}}],"collection":[{"href":"https:\/\/lescheminsdemusarde.fr\/index.php?rest_route=\/wp\/v2\/posts"}],"about":[{"href":"https:\/\/lescheminsdemusarde.fr\/index.php?rest_route=\/wp\/v2\/types\/post"}],"author":[{"embeddable":true,"href":"https:\/\/lescheminsdemusarde.fr\/index.php?rest_route=\/wp\/v2\/users\/1"}],"replies":[{"embeddable":true,"href":"https:\/\/lescheminsdemusarde.fr\/index.php?rest_route=%2Fwp%2Fv2%2Fcomments&post=9495"}],"version-history":[{"count":9,"href":"https:\/\/lescheminsdemusarde.fr\/index.php?rest_route=\/wp\/v2\/posts\/9495\/revisions"}],"predecessor-version":[{"id":9952,"href":"https:\/\/lescheminsdemusarde.fr\/index.php?rest_route=\/wp\/v2\/posts\/9495\/revisions\/9952"}],"wp:attachment":[{"href":"https:\/\/lescheminsdemusarde.fr\/index.php?rest_route=%2Fwp%2Fv2%2Fmedia&parent=9495"}],"wp:term":[{"taxonomy":"category","embeddable":true,"href":"https:\/\/lescheminsdemusarde.fr\/index.php?rest_route=%2Fwp%2Fv2%2Fcategories&post=9495"},{"taxonomy":"post_tag","embeddable":true,"href":"https:\/\/lescheminsdemusarde.fr\/index.php?rest_route=%2Fwp%2Fv2%2Ftags&post=9495"}],"curies":[{"name":"wp","href":"https:\/\/api.w.org\/{rel}","templated":true}]}}