{"id":9593,"date":"2020-09-13T05:56:49","date_gmt":"2020-09-13T04:56:49","guid":{"rendered":"http:\/\/lescheminsdemusarde.fr\/?p=9593"},"modified":"2021-01-22T06:52:52","modified_gmt":"2021-01-22T05:52:52","slug":"propositions-pour-une-mobilite-durable","status":"publish","type":"post","link":"https:\/\/lescheminsdemusarde.fr\/?p=9593","title":{"rendered":"Propositions pour une mobilit\u00e9 durable"},"content":{"rendered":"\n<p><strong>Propositions d&rsquo;am\u00e9nagements favorisant la Mobilit\u00e9 Durable \u00e0 MER<\/strong> (Dossier remis aux \u00e9lus \u00e0 mi-ao\u00fbt 2020)<\/p>\n\n\n\n<p><em><strong>Soyez vivement remerci\u00e9s de lire enti\u00e8rement le dossier ci-dessous et en tant qu&rsquo;\u00e9lus d&rsquo;en d\u00e9cider (ou non) de la mise en pratique.<\/strong><\/em> <strong>Pedibuscyclus<\/strong><\/p>\n\n\n\n<p><strong>Introduction&nbsp;: <\/strong>Il semble important de r\u00e9concilier les M\u00e9rois avec une mobilit\u00e9 douce dans le respect des plus faibles (pi\u00e9tons, cyclistes) avant toute autre consid\u00e9ration. Pour ce faire, il est n\u00e9cessaire d&rsquo;agir en coh\u00e9rence, de penser r\u00e9seau global, en proc\u00e9dant avec prudence quartier par quartier&nbsp;: Hyper Centre-Ville, ex-cit\u00e9e EdF, Aulnay, Montcellereux, Barreau-les Coteaux, Quartier Stade\/Berthelottes, Zac des Portes de Chambord. Il est bien s\u00fbr n\u00e9cessaire d&rsquo;avoir une politique pi\u00e9tons-cyclistes vers Mer, vers la campagne, vers le r\u00e9seau cyclable existant (voie verte route de Muides). Il sera aussi n\u00e9cessaire de repenser la signal\u00e9tique v\u00e9lo vers les itin\u00e9raires r\u00e9serv\u00e9s ainsi que mettre en place un r\u00e9seau de passages pi\u00e9tons en coh\u00e9rence avec les pratiques humaines.<\/p>\n\n\n\n<!--more-->\n\n\n\n<p>La d\u00e9marche premi\u00e8re est de sensibiliser les M\u00e9rois aux bienfaits de la mobilit\u00e9 douce au travers de vecteurs d&rsquo;information touchant le plus grand nombre d&rsquo;habitants (JIM) mais aussi au travers de r\u00e9unions explicatives avec la population. Il sera n\u00e9cessaire de bien expliquer le besoin de vie plus saine (pollution), de vie apais\u00e9e (bien \u00eatre, bien dans sa ville), d&rsquo;utilisation de la bicyclette privil\u00e9gi\u00e9e dans ses d\u00e9placements quotidiens lorsque l&rsquo;acc\u00e8s du Centre-Ville est \u00e0 moins de 3 km de son domicile.<\/p>\n\n\n\n<p>La logique d&rsquo;utilisation (mais ce n&rsquo;est bien s\u00fbr pas une obligation, ne touchons pas \u00e0 la sacro-sainte libert\u00e9 de chacun) de l&rsquo;automobile est de n&rsquo;\u00eatre utilis\u00e9e qu&rsquo;en cas de transport important de marchandises (grandes surfaces par exemple, pour se rendre \u00e0 la d\u00e9chetterie, le d\u00e9placements de personnes handicap\u00e9es). La m\u00e9t\u00e9o peut aussi \u00eatre incitative \u00e0 utiliser l&rsquo;automobile plut\u00f4t que la marche \u00e0 pied ou le v\u00e9lo. L&rsquo;acc\u00e8s aux diff\u00e9rentes \u00e9coles de la ville peut s&rsquo;organiser au travers de \u00ab&nbsp;p\u00e9dibus&nbsp;\u00bb, \u00e0 partir d&rsquo;un grand parking par exemple, avec les enfants les plus jeunes et d\u00e9placements v\u00e9los avec les jeunes acc\u00e9dant aux coll\u00e8ges.<\/p>\n\n\n\n<p>Il est bien \u00e9vident que ce dossier de propositions est volontairement \u00ab&nbsp;pour une mobilit\u00e9 douce id\u00e9ale&nbsp;\u00bb. Les propositions de ce dossier peuvent \u00eatre reprises en totalit\u00e9 ou de mani\u00e8res parcellaires \u00e0 la d\u00e9cisions des \u00e9lus. <strong>L&rsquo;id\u00e9e id\u00e9ale serait de mettre en place la mobilit\u00e9 douce sur le Centre-Ville \u00e0 l&rsquo;occasion de l&rsquo;inauguration de l&rsquo;avenue Maunoury et de la Place de la Halle \u2026<\/strong><\/p>\n\n\n\n<p><strong>Il est toujours important de mettre en place des d\u00e9cisions qui d\u00e9rangent en d\u00e9but de mandat&nbsp;!<\/strong><\/p>\n\n\n\n<p><strong>Pour compr\u00e9hension&nbsp;: Extraits du Code la Route.<\/strong><\/p>\n\n\n\n<p>Article R110-2<\/p>\n\n\n\n<ul class=\"wp-block-list\"><li>Modifi\u00e9 par <a href=\"https:\/\/www.legifrance.gouv.fr\/affichTexteArticle.do;jsessionid=DB232609AE009EA1073EA433C2C4B259.tplgfr34s_2?cidTexte=JORFTEXT000023081235&amp;idArticle=LEGIARTI000023089780&amp;dateTexte=20150817&amp;categorieLien=id#LEGIARTI000023089780\">D\u00e9cret n\u00b02010-1390 du 12 novembre 2010 &#8211; art. 2<\/a><\/li><\/ul>\n\n\n\n<p>Pour l&rsquo;application du pr\u00e9sent code, les termes ci-apr\u00e8s ont le sens qui leur est donn\u00e9 dans le pr\u00e9sent article :<\/p>\n\n\n\n<p><strong>&#8211; agglom\u00e9ration :<\/strong> espace sur lequel sont group\u00e9s des immeubles b\u00e2tis rapproch\u00e9s et dont l&rsquo;entr\u00e9e et la sortie sont signal\u00e9es par des panneaux plac\u00e9s \u00e0 cet effet le long de la route qui le traverse ou qui le borde ;<\/p>\n\n\n\n<p><strong>&#8211; aire pi\u00e9tonne :<\/strong> section ou ensemble de sections de voies en agglom\u00e9ration, hors routes \u00e0 grande circulation, constituant une zone affect\u00e9e \u00e0 la circulation des pi\u00e9tons de fa\u00e7on temporaire ou permanente. Dans cette zone, sous r\u00e9serve des dispositions de l&rsquo;article R. 431-9, seuls les v\u00e9hicules n\u00e9cessaires \u00e0 la desserte interne de la zone sont autoris\u00e9s \u00e0 circuler \u00e0 l&rsquo;allure du pas et les pi\u00e9tons sont prioritaires sur ceux-ci. Les entr\u00e9es et sorties de cette zone sont annonc\u00e9es par une signalisation.<\/p>\n\n\n\n<p><strong>&#8211; arr\u00eat :<\/strong> immobilisation momentan\u00e9e d&rsquo;un v\u00e9hicule sur une route durant le temps n\u00e9cessaire pour permettre la mont\u00e9e ou la descente de personnes, le chargement ou le d\u00e9chargement du v\u00e9hicule, le conducteur restant aux commandes de celui-ci ou \u00e0 proximit\u00e9 pour pouvoir, le cas \u00e9ch\u00e9ant, le d\u00e9placer ;<\/p>\n\n\n\n<p><strong>&#8211; bande cyclable :<\/strong> voie exclusivement r\u00e9serv\u00e9e aux cycles \u00e0 deux ou trois roues sur une chauss\u00e9e \u00e0 plusieurs voies ;<\/p>\n\n\n\n<p><strong>&#8211; bande d&rsquo;arr\u00eat d&rsquo;urgence :<\/strong> partie d&rsquo;un accotement situ\u00e9e en bordure de la chauss\u00e9e et sp\u00e9cialement r\u00e9alis\u00e9e pour permettre, en cas de n\u00e9cessit\u00e9 absolue, l&rsquo;arr\u00eat ou le stationnement des v\u00e9hicules ;<\/p>\n\n\n\n<p><strong>&#8211; bretelle de raccordement autorouti\u00e8re :<\/strong> route reliant les autoroutes au reste du r\u00e9seau routier ;<\/p>\n\n\n\n<p><strong>&#8211; carrefour \u00e0 sens giratoire :<\/strong> place ou carrefour comportant un terre-plein central mat\u00e9riellement infranchissable, ceintur\u00e9 par une chauss\u00e9e mise \u00e0 sens unique par la droite sur laquelle d\u00e9bouchent diff\u00e9rentes routes et annonc\u00e9 par une signalisation sp\u00e9cifique. Toutefois, , les carrefours \u00e0 sens giratoire peuvent comporter un terre-plein central mat\u00e9riellement franchissable, qui peut \u00eatre chevauch\u00e9 par les conducteurs lorsque l&rsquo;encombrement de leur v\u00e9hicule rend cette manoeuvre indispensable ;<\/p>\n\n\n\n<p><strong>&#8211; chauss\u00e9e :<\/strong> partie (s) de la route normalement utilis\u00e9e (s) pour la circulation des v\u00e9hicules ;<\/p>\n\n\n\n<p>-intersection : lieu de jonction ou de croisement \u00e0 niveau de deux ou plusieurs chauss\u00e9es, quels que soient le ou les angles des axes de ces chauss\u00e9es ;<\/p>\n\n\n\n<p><strong>&#8211; piste cyclable : <\/strong>chauss\u00e9e exclusivement r\u00e9serv\u00e9e aux cycles \u00e0 deux ou trois roues ;<\/p>\n\n\n\n<p><strong>&#8211; stationnement :<\/strong> immobilisation d&rsquo;un v\u00e9hicule sur la route hors les circonstances caract\u00e9risant l&rsquo;arr\u00eat ;<\/p>\n\n\n\n<p><strong>&#8211; voie de circulation :<\/strong> subdivision de la chauss\u00e9e ayant une largeur suffisante pour permettre la circulation d&rsquo;une file de v\u00e9hicules ;<\/p>\n\n\n\n<p><strong>&#8211; voie verte :<\/strong> route exclusivement r\u00e9serv\u00e9e \u00e0 la circulation des v\u00e9hicules non motoris\u00e9s, des pi\u00e9tons et des cavaliers ;<\/p>\n\n\n\n<p><strong>&#8211; zone de rencontre :<\/strong> section ou ensemble de sections de voies en agglom\u00e9ration constituant une zone affect\u00e9e \u00e0 la circulation de tous les usagers. Dans cette zone, les pi\u00e9tons sont autoris\u00e9s \u00e0 circuler sur la chauss\u00e9e sans y stationner et b\u00e9n\u00e9ficient de la priorit\u00e9 sur les v\u00e9hicules. La vitesse des v\u00e9hicules y est limit\u00e9e \u00e0 20 km\/ h. Toutes les chauss\u00e9es sont \u00e0 double sens pour les cyclistes, sauf dispositions diff\u00e9rentes prises par l&rsquo;autorit\u00e9 investie du pouvoir de police. Les entr\u00e9es et sorties de cette zone sont annonc\u00e9es par une signalisation et l&rsquo;ensemble de la zone est am\u00e9nag\u00e9 de fa\u00e7on coh\u00e9rente avec la limitation de vitesse applicable.<\/p>\n\n\n\n<p><strong>&#8211; zone 30 :<\/strong> section ou ensemble de sections de voies constituant une zone affect\u00e9e \u00e0 la circulation de tous les usagers. Dans cette zone, la vitesse des v\u00e9hicules est limit\u00e9e \u00e0 30 km\/ h. Toutes les chauss\u00e9es sont \u00e0 double sens pour les cyclistes, sauf dispositions diff\u00e9rentes prises par l&rsquo;autorit\u00e9 investie du pouvoir de police. Les entr\u00e9es et sorties de cette zone sont annonc\u00e9es par une signalisation et l&rsquo;ensemble de la zone est am\u00e9nag\u00e9 de fa\u00e7on coh\u00e9rente avec la limitation de vitesse applicable.<\/p>\n\n\n\n<p><strong>\u00c9tat des lieux&nbsp;: \u00e0 ma connaissance &#8230;<\/strong><\/p>\n\n\n\n<p>Rue Jean et Guy Dutemps existe une \u00ab&nbsp;Zone de Rencontre&nbsp;\u00bb ou circulation cycliste et circulation automobile se c\u00f4toient. Celle-ci manque \u00e0 l&rsquo;\u00e9vidence d&rsquo;explication quant \u00e0 son fonctionnement&nbsp;: cyclistes dans les deux sens.<\/p>\n\n\n\n<p>Route d&rsquo;Herbilly existe \u00e9galement une \u00ab&nbsp;Zone de Rencontre&nbsp;\u00bb sur toute la rue des Brunets.<\/p>\n\n\n\n<p>Le Chemin Vieux est \u00e9galement am\u00e9nag\u00e9 en \u00ab&nbsp;Zone de Rencontre&nbsp;\u00bb sur sa totalit\u00e9.<\/p>\n\n\n\n<p>Avenue Charles de Gaulle bande cyclable dans les deux sens sur toute l&rsquo;avenue.<\/p>\n\n\n\n<p><strong>Politique g\u00e9n\u00e9rale propos\u00e9e&nbsp;:<\/strong><\/p>\n\n\n\n<p><strong>Rendre prioritaire<\/strong> les d\u00e9placements des plus fragiles <strong>pi\u00e9tons et cyclistes<\/strong> sur tout le p\u00e9rim\u00e8tre de la ville.<\/p>\n\n\n\n<p>Mise en place d&rsquo;une <strong>vitesse limite g\u00e9n\u00e9ralis\u00e9e<\/strong> (VL) de 30 km\/h sur l&rsquo;ensemble de la zone pr\u00e9d\u00e9finie comme par exemple l&rsquo;hyper Centre-Ville (commen\u00e7ons par ce quartier) 20 km\/h dans les rues \u00e0 sens unique, la zone de rencontre rue Jean et Guy Dutems ou les rues Barreau, Simon H\u00e8me, Jacques Bizeray, am\u00e9nag\u00e9es.<\/p>\n\n\n\n<p><strong>S\u00e9curisation par une bande verte<\/strong> <strong>ou rouge<\/strong> recommand\u00e9 par la FUB (r\u00e9serv\u00e9e aux cyclistes) de toutes les intersections ou carrefours de la ville.<\/p>\n\n\n\n<p><strong>Mettre en place des stationnements<\/strong> avec <strong>garages \u00e0 v\u00e9los<\/strong> en divers points de l&rsquo;hyper Centre-Ville comme par exemple Place de l\u2019\u00e9glise, Place de la rue de la Br\u00e8che, place du March\u00e9 au beurre, Place de la Halle, gare de Mer d\u00e9j\u00e0 existant.<\/p>\n\n\n\n<p><strong>S\u00e9curiser la mobilit\u00e9 douce avec de gros bacs \u00e0 fleurs<\/strong>, rue Jean et Guy Dutems mais aussi rue Simon H\u00e8me, rue Jacques Bizeray, \u2026 afin d&rsquo;obliger la circulation automobile \u00e0 ralentir.<\/p>\n\n\n\n<p><strong>Mettre en place une signal\u00e9tique explicative<\/strong> pour l&rsquo;utilisateur \u00e0 l&rsquo;entr\u00e9e de la zone consid\u00e9r\u00e9e.<\/p>\n\n\n\n<p><strong>V\u00e9g\u00e9talisation de tout le centre-ville<\/strong>, des acc\u00e8s MER route nationale, routes de Muides, La Chapelle-St-Martin, Villexanton, Talcy-S\u00e9ris, \u2026 fleurissement important de l&rsquo;hyper Centre-Ville de type Ch\u00e9digny (Indre-et-Loire).<\/p>\n\n\n\n<p>Si l&rsquo;exp\u00e9rience est av\u00e9r\u00e9e positive, <strong>g\u00e9n\u00e9raliser<\/strong> sur l&rsquo;ensemble des quartiers ou l&rsquo;un apr\u00e8s l&rsquo;autre.<\/p>\n\n\n\n<p><strong>Les points particuliers&nbsp;:<\/strong><\/p>\n\n\n\n<p>Carrefour des <strong>feux tricolores<\/strong> de Mer&nbsp;: remettre en place les <strong>SAS \u00e0 v\u00e9los.<\/strong><\/p>\n\n\n\n<p>Cr\u00e9ation d&rsquo;une <strong>piste cyclable <\/strong>des feux tricolores <strong>au Centre culturel <\/strong>rejoignant le r\u00e9seau cyclable existant.<\/p>\n\n\n\n<p><strong>Route de Chantecaille <\/strong>cr\u00e9er un <strong>am\u00e9nagement v\u00e9lo<\/strong> afin de rejoindre la route d&rsquo;Herbilly, marquage au sol peinture verte ou rouge. <strong>Organiser le franchissement<\/strong> de la voie dite rapide passage pi\u00e9ton s\u00e9curis\u00e9, bande verte  ou rouge au sol pour les v\u00e9los, signal\u00e9tique d&rsquo;annonce sur la voie rapide.<\/p>\n\n\n\n<p>Envisager une <strong>VL route Nationale \u00e0 30 km\/h<\/strong> au franchissement de la ville Est-Ouest et Ouest-Est.<\/p>\n\n\n\n<p><strong>Route Nationale<\/strong> mettre en place une <strong>signal\u00e9tique v\u00e9los<\/strong> en plusieurs points pour un <strong>rabattement<\/strong> vers le Sud de Mer, La Loire \u00e0 V\u00e9lo, vers Su\u00e8vres, vers Herbilly, \u2026 Montcellereux.<\/p>\n\n\n\n<p><strong>Rue Jean et Guy Dutems pi\u00e9tonni\u00e8re<\/strong> les samedis et dimanches. Voir le sens de d\u00e9placement les autres jours&#8230;<\/p>\n\n\n\n<p><strong>Acc\u00e8s \u00ab\u00a0voie verte\u00a0\u00bb Mer-Muides (rond-point d&rsquo;entr\u00e9e de ville)<\/strong>\u00a0s\u00e9curis\u00e9 par une bande verte ou rouge \u00ab\u00a0v\u00e9los\u00a0\u00bb dans la totalit\u00e9 du carrefour et mise en place d&rsquo;une signal\u00e9tique efficace \u00ab\u00a0vers Muides, vers Beaugency, vers Centre-Ville\u00a0\u00bb, vers Su\u00e8vres. (CCBVL et Municipalit\u00e9 de Mer).<\/p>\n\n\n\n<p>Itin\u00e9raire de cheminement par <strong>bande cyclable<\/strong> de la <strong>gare de Mer<\/strong> vers rue Haute d&rsquo;Aulnay et vers <strong>ch\u00e2teau de Talcy, <\/strong>mais aussi des Landes vers Mer, de Villaugon vers Mer. (CCBVL).<\/p>\n\n\n\n<p>Mettre en place sur l&rsquo;ensemble de la ville des <strong>Bancs et poubelles<\/strong>, ramassage poubelles \u00e0 organiser 1 fois par mois.<\/p>\n\n\n\n<p>Ouvrir \u00e0 la gare (entente avec SNCF) ou au Centre Culturel ou ailleurs d&rsquo;un <strong>bureau de tourisme<\/strong> avec la signal\u00e9tique d&rsquo;acc\u00e8s n\u00e9cessaire.<\/p>\n\n\n\n<p><strong>Journal municipal <\/strong>article syst\u00e9matique d&rsquo;information pi\u00e9ton-cycliste&nbsp;: 1 page + photos<\/p>\n\n\n\n<p>Continuer l&rsquo;<strong>aide \u00e0 l&rsquo;achat de v\u00e9los<\/strong> \u00e0 assistance \u00e9lectrique.<\/p>\n\n\n\n<p><strong>Doter la Police Municipale de VTT-AE<\/strong> (assistance \u00e9lectrique) et organiser leur pr\u00e9sence entre 6 h et 22 h, samedi, dimanche et f\u00eate compris.<\/p>\n\n\n\n<p>Installer des <strong>passages pi\u00e9tons<\/strong> l\u00e0 ou l&rsquo;humain a pris l&rsquo;habitude de traverser.<\/p>\n\n\n\n<p>\u00c9viter de goudronner, bitumer les trottoirs, un \u00ab&nbsp;mani&nbsp;\u00bb compact\u00e9 est plus agr\u00e9able et laisse p\u00e9n\u00e9trer l&rsquo;eau de pluie.<\/p>\n\n\n\n<p>Am\u00e9nager une <strong>aire de Camping-car<\/strong> parking du cimeti\u00e8re \u2013 gendarmerie ou ailleurs.<\/p>\n\n\n\n<p>N&rsquo;ayant pas la comp\u00e9tence requise, l&rsquo;ensemble de ces propositions ne fait pas l&rsquo;objet d&rsquo;une \u00e9tude financi\u00e8re. Cependant, chacune des propositions peut \u00ab&nbsp;se construire&nbsp;\u00bb individuellement suivant les possibilit\u00e9s, certaines ne co\u00fbtent rien sinon d&rsquo;un peu de bonne volont\u00e9.<\/p>\n\n\n\n<p><strong>Pedibuscyclus<\/strong><\/p>\n","protected":false},"excerpt":{"rendered":"<p>Propositions d&rsquo;am\u00e9nagements favorisant la Mobilit\u00e9 Durable \u00e0 MER (Dossier remis aux \u00e9lus \u00e0 mi-ao\u00fbt 2020) Soyez vivement remerci\u00e9s de lire enti\u00e8rement le dossier ci-dessous et en tant qu&rsquo;\u00e9lus d&rsquo;en d\u00e9cider (ou non) de la mise en pratique. Pedibuscyclus Introduction&nbsp;: Il &hellip; <a href=\"https:\/\/lescheminsdemusarde.fr\/?p=9593\">Continuer la lecture <span class=\"meta-nav\">&rarr;<\/span><\/a><\/p>\n","protected":false},"author":1,"featured_media":0,"comment_status":"closed","ping_status":"closed","sticky":false,"template":"","format":"standard","meta":{"_exactmetrics_skip_tracking":false,"_exactmetrics_sitenote_active":false,"_exactmetrics_sitenote_note":"","_exactmetrics_sitenote_category":0,"footnotes":""},"categories":[1],"tags":[],"class_list":["post-9593","post","type-post","status-publish","format-standard","hentry","category-divers"],"_links":{"self":[{"href":"https:\/\/lescheminsdemusarde.fr\/index.php?rest_route=\/wp\/v2\/posts\/9593","targetHints":{"allow":["GET"]}}],"collection":[{"href":"https:\/\/lescheminsdemusarde.fr\/index.php?rest_route=\/wp\/v2\/posts"}],"about":[{"href":"https:\/\/lescheminsdemusarde.fr\/index.php?rest_route=\/wp\/v2\/types\/post"}],"author":[{"embeddable":true,"href":"https:\/\/lescheminsdemusarde.fr\/index.php?rest_route=\/wp\/v2\/users\/1"}],"replies":[{"embeddable":true,"href":"https:\/\/lescheminsdemusarde.fr\/index.php?rest_route=%2Fwp%2Fv2%2Fcomments&post=9593"}],"version-history":[{"count":5,"href":"https:\/\/lescheminsdemusarde.fr\/index.php?rest_route=\/wp\/v2\/posts\/9593\/revisions"}],"predecessor-version":[{"id":10137,"href":"https:\/\/lescheminsdemusarde.fr\/index.php?rest_route=\/wp\/v2\/posts\/9593\/revisions\/10137"}],"wp:attachment":[{"href":"https:\/\/lescheminsdemusarde.fr\/index.php?rest_route=%2Fwp%2Fv2%2Fmedia&parent=9593"}],"wp:term":[{"taxonomy":"category","embeddable":true,"href":"https:\/\/lescheminsdemusarde.fr\/index.php?rest_route=%2Fwp%2Fv2%2Fcategories&post=9593"},{"taxonomy":"post_tag","embeddable":true,"href":"https:\/\/lescheminsdemusarde.fr\/index.php?rest_route=%2Fwp%2Fv2%2Ftags&post=9593"}],"curies":[{"name":"wp","href":"https:\/\/api.w.org\/{rel}","templated":true}]}}